[{"@context":"https:\/\/schema.org\/","@type":"Article","@id":"https:\/\/www.baxim.cz\/bude-se-vam-venovat-proskoleny-personal\/#Article","mainEntityOfPage":"https:\/\/www.baxim.cz\/bude-se-vam-venovat-proskoleny-personal\/","headline":"Bude se v\u00e1m v\u011bnovat pro\u0161kolen\u00fd person\u00e1l","name":"Bude se v\u00e1m v\u011bnovat pro\u0161kolen\u00fd person\u00e1l","description":"Ocen\u00edme, kdy\u017e si vyberete na\u0161e slu\u017eby. Jsme tady pro v\u00e1s. Na\u0161i zam\u011bstnanci se pravideln\u011b \u00fa\u010dastn\u00ed odborn\u00fdch \u0161kolen\u00ed, zvy\u0161uj\u00ed svoji kvalifikaci. Nemus\u00edte se ob\u00e1vat sv\u011b\u0159it sv\u00e9 vozidlo do jejich rukou. Dob\u0159e je p\u0159iprav\u00ed do dal\u0161\u00edho silni\u010dn\u00edho provozu. O na\u0161em Audi servisu zjist\u00edme jenom ty nejlep\u0161\u00ed reference. Kdo chce m\u00edt sv\u00e9 auto v po\u0159\u00e1dku, m\u016f\u017ee se kdykoliv...<p class=\"more-link-wrap\"><a href=\"https:\/\/www.baxim.cz\/bude-se-vam-venovat-proskoleny-personal\/\" class=\"more-link\">P\u0159e\u010d\u00edst<span class=\"screen-reader-text\"> &ldquo;Bude se v\u00e1m v\u011bnovat pro\u0161kolen\u00fd person\u00e1l&rdquo;<\/span> &raquo;<\/a><\/p>","datePublished":"2025-08-27","dateModified":"2025-08-27","author":{"@type":"Person","@id":"https:\/\/www.baxim.cz\/author\/#Person","name":"","url":"https:\/\/www.baxim.cz\/author\/","identifier":1,"image":{"@type":"ImageObject","@id":"https:\/\/secure.gravatar.com\/avatar\/8ee00db67df6a380981db2e33f97d2fa79637c4880a83f2a0ac4c29b5bb179e1?s=96&d=mm&r=g","url":"https:\/\/secure.gravatar.com\/avatar\/8ee00db67df6a380981db2e33f97d2fa79637c4880a83f2a0ac4c29b5bb179e1?s=96&d=mm&r=g","height":96,"width":96}},"publisher":{"@type":"Organization","name":"baxim.cz","logo":{"@type":"ImageObject","@id":"\/logo.png","url":"\/logo.png","width":600,"height":60}},"url":"https:\/\/www.baxim.cz\/bude-se-vam-venovat-proskoleny-personal\/","wordCount":165,"articleBody":"Ocen\u00edme, kdy\u017e si vyberete na\u0161e slu\u017eby. Jsme tady pro v\u00e1s. Na\u0161i zam\u011bstnanci se pravideln\u011b \u00fa\u010dastn\u00ed odborn\u00fdch \u0161kolen\u00ed, zvy\u0161uj\u00ed svoji kvalifikaci. Nemus\u00edte se ob\u00e1vat sv\u011b\u0159it sv\u00e9 vozidlo do jejich rukou. Dob\u0159e je p\u0159iprav\u00ed do dal\u0161\u00edho silni\u010dn\u00edho provozu. O na\u0161em Audi servisu zjist\u00edme jenom ty nejlep\u0161\u00ed reference. Kdo chce m\u00edt sv\u00e9 auto v po\u0159\u00e1dku, m\u016f\u017ee se kdykoliv na n\u00e1s obr\u00e1tit. M\u00e1me dvouletou z\u00e1ru\u010dn\u00ed lh\u016ftu na pr\u00e1ci Zvolte si na\u0161e kvalitn\u00ed slu\u017eby. Garantujeme, \u017ee jsou na \u0161pi\u010dkov\u00e9 \u00farovni. O va\u0161e automobily se postar\u00e1me. Provedeme jejich opravy. Nab\u00edz\u00edme p\u0159\u00edzniv\u00e9 cenov\u00e9 podm\u00ednky. Prov\u00e1d\u00edme garan\u010dn\u00ed opravy, diagnostiku vozidel, vym\u011bn\u00edme v\u00e1m brzdovou kapalinu. Prov\u00e1d\u00edme ochrann\u00e9 n\u00e1st\u0159iky podvozk\u016f a dal\u0161\u00ed pr\u00e1ce dle va\u0161ich po\u017eadavk\u016f. Nezapome\u0148te, \u017ee jsme tady jenom pro v\u00e1s.                                                                                                                                                                                                                                                                                                                                                                                                "},{"@context":"https:\/\/schema.org\/","@type":"BreadcrumbList","itemListElement":[{"@type":"ListItem","position":1,"name":"Bude se v\u00e1m v\u011bnovat pro\u0161kolen\u00fd person\u00e1l","item":"https:\/\/www.baxim.cz\/bude-se-vam-venovat-proskoleny-personal\/#breadcrumbitem"}]}]