[{"@context":"https:\/\/schema.org\/","@type":"Article","@id":"https:\/\/www.baxim.cz\/co-je-na-ceskych-budejovicich-tak-zvlastniho\/#Article","mainEntityOfPage":"https:\/\/www.baxim.cz\/co-je-na-ceskych-budejovicich-tak-zvlastniho\/","headline":"Co je na \u010cesk\u00fdch Bud\u011bjovic\u00edch tak zvl\u00e1\u0161tn\u00edho","name":"Co je na \u010cesk\u00fdch Bud\u011bjovic\u00edch tak zvl\u00e1\u0161tn\u00edho","description":"Kdy\u017e v\u00e1s n\u011bkdo po\u017e\u00e1d\u00e1, abyste vyjmenovalo deset nejv\u011bt\u0161\u00edch m\u011bst v \u010cesk\u00e9 republice, pravd\u011bpodobn\u011b to nebude tak velk\u00fd probl\u00e9m. Samoz\u0159ejm\u011b za\u010dnete Prahou, Brnem a Ostravou a k t\u011bmto nejv\u00edce zalidn\u011bn\u00fdm aglomerac\u00edm z\u0159ejm\u011b p\u0159i\u0159ad\u00edte je\u0161t\u011b Hradec Kr\u00e1lov\u00e9, Plze\u0148, Liberec, \u00dast\u00ed nad Labem, Pardubice, Olomouc a tak\u00e9 \u010cesk\u00e9 Bud\u011bjovice. \u010cesk\u00e9 Bud\u011bjovice se nach\u00e1z\u00ed dokonce na sedm\u00e9 p\u0159\u00ed\u010dce nejv\u011bt\u0161\u00edch...<p class=\"more-link-wrap\"><a href=\"https:\/\/www.baxim.cz\/co-je-na-ceskych-budejovicich-tak-zvlastniho\/\" class=\"more-link\">P\u0159e\u010d\u00edst<span class=\"screen-reader-text\"> &ldquo;Co je na \u010cesk\u00fdch Bud\u011bjovic\u00edch tak zvl\u00e1\u0161tn\u00edho&rdquo;<\/span> &raquo;<\/a><\/p>","datePublished":"2023-03-19","dateModified":"2023-04-25","author":{"@type":"Person","@id":"https:\/\/www.baxim.cz\/author\/#Person","name":"","url":"https:\/\/www.baxim.cz\/author\/","identifier":1,"image":{"@type":"ImageObject","@id":"https:\/\/secure.gravatar.com\/avatar\/8ee00db67df6a380981db2e33f97d2fa79637c4880a83f2a0ac4c29b5bb179e1?s=96&d=mm&r=g","url":"https:\/\/secure.gravatar.com\/avatar\/8ee00db67df6a380981db2e33f97d2fa79637c4880a83f2a0ac4c29b5bb179e1?s=96&d=mm&r=g","height":96,"width":96}},"publisher":{"@type":"Organization","name":"baxim.cz","logo":{"@type":"ImageObject","@id":"\/logo.png","url":"\/logo.png","width":600,"height":60}},"image":{"@type":"ImageObject","@id":"https:\/\/www.baxim.cz\/wp-content\/uploads\/june-gb8f00c146_640.jpg","url":"https:\/\/www.baxim.cz\/wp-content\/uploads\/june-gb8f00c146_640.jpg","height":0,"width":0},"url":"https:\/\/www.baxim.cz\/co-je-na-ceskych-budejovicich-tak-zvlastniho\/","about":["Spole\u010dnosti"],"wordCount":422,"articleBody":"       Kdy\u017e v\u00e1s n\u011bkdo po\u017e\u00e1d\u00e1, abyste vyjmenovalo deset nejv\u011bt\u0161\u00edch m\u011bst v \u010cesk\u00e9 republice, pravd\u011bpodobn\u011b to nebude tak velk\u00fd probl\u00e9m. Samoz\u0159ejm\u011b za\u010dnete Prahou, Brnem a Ostravou a k t\u011bmto nejv\u00edce zalidn\u011bn\u00fdm aglomerac\u00edm z\u0159ejm\u011b p\u0159i\u0159ad\u00edte je\u0161t\u011b Hradec Kr\u00e1lov\u00e9, Plze\u0148, Liberec, \u00dast\u00ed nad Labem, Pardubice, Olomouc a tak\u00e9 \u010cesk\u00e9 Bud\u011bjovice.\u010cesk\u00e9 Bud\u011bjovice se nach\u00e1z\u00ed dokonce na sedm\u00e9 p\u0159\u00ed\u010dce nejv\u011bt\u0161\u00edch m\u011bst, co se t\u00fd\u010de po\u010dtu obyvatel, a tak v\u00e1m m\u016f\u017ee p\u0159ipadat nep\u0159irozen\u00e9, \u017ee se n\u011bkdo do t\u011bchto m\u00edst hodl\u00e1 situovat v dob\u011b sv\u00e9 dovolen\u00e9, a pronaj\u00edmat si tu na t\u00fdden pro svou rodinu penzion.Penziony \u010cesk\u00e9 Bud\u011bjovice se v\u0161ak nenach\u00e1z\u00ed pouze pobl\u00ed\u017e centra a v zalidn\u011bn\u00e9 z\u00f3n\u011b, naleznete je i na okraji m\u011bsta, v p\u0159\u00edm\u00e9m sousedstv\u00ed m\u011bstsk\u00e9ho parku Stromovka, odkud je to jen p\u00e1r stovek metr\u016f k \u0159ece Vltav\u011b a k cyklostezce, kter\u00e1 v\u00e1s nasm\u011bruje do t\u011bch nejzaj\u00edmav\u011bj\u0161\u00edch m\u00edst v bl\u00edzk\u00e9m okol\u00ed. Pro\u010d si vlastn\u011b zajistit pobyt v penzionu, kdy\u017e jsou \u010cesk\u00e9 Bud\u011bjovice tak hust\u011b zalidn\u011bn\u00e9?Vltava \u2013 kdo spat\u0159\u00ed horn\u00ed tok Vltavy, se v\u0161emi jej\u00edmi p\u0159ekr\u00e1sn\u00fdmi p\u0159\u00edrodn\u00edmi \u00fakazy, b\u00fdv\u00e1 obvykle p\u0159ekvapen a nad\u0161en, \u017ee n\u011bco takov\u00e9ho rozhodn\u011b neo\u010dek\u00e1val. Vltava je jednozna\u010dn\u011b nejobl\u00edben\u011bj\u0161\u00ed \u0159ekou v \u010cesk\u00e9 republice, co se t\u00fd\u010de vod\u00e1ck\u00fdch akc\u00ed, a v l\u00e9t\u011b je tu vod\u00e1k\u016f tolik, \u017ee se ani pomalu nevejdou do kemp\u016f. Nemus\u00edte se po Vltav\u011b ani plavit, posta\u010d\u00ed, kdy\u017e nasednete v Lou\u010dovic\u00edch na kolo a pust\u00edte se pod\u00e9l \u0159eky do Vy\u0161\u0161\u00edho Brodu, \u010cesk\u00e9ho Krumlova, Zlat\u00e9 Koruny a \u010cesk\u00fdch Bud\u011bjovic. Je docela mo\u017en\u00e9, \u017ee se v\u00e1m odtud v\u016fbec nebude cht\u00edt dom\u016f.Blansk\u00fd les \u2013 za slune\u010dn\u00e9ho po\u010das\u00ed s dobrou dohlednost\u00ed doporu\u010dujeme usednout do auta (nebo zas na kolo) a vydat se do Kr\u00e1set\u00edna, kde se nach\u00e1z\u00ed doln\u00ed stanice seda\u010dkov\u00e9 lanovky na Kle\u0165. A\u017e spat\u0159\u00edte krajinu pod sebou z vrcholov\u00fdch parti\u00ed kamenn\u00e9 rozhledny, z nejvy\u0161\u0161\u00ed hory Blansk\u00e9ho lesa, budete z\u0159ejm\u011b m\u00edt podobn\u00e9 pocity, jako z v\u00fdletu pod\u00e9l Vltavy. Blansk\u00fd les je sice nen\u00e1padn\u00e9 poho\u0159\u00ed, ale pat\u0159\u00ed k nejkr\u00e1sn\u011bj\u0161\u00edm v cel\u00e9 Evrop\u011b.                                                                                                                                                                                                                                                                                                                                                                                                  "},{"@context":"https:\/\/schema.org\/","@type":"BreadcrumbList","itemListElement":[{"@type":"ListItem","position":1,"name":"Co je na \u010cesk\u00fdch Bud\u011bjovic\u00edch tak zvl\u00e1\u0161tn\u00edho","item":"https:\/\/www.baxim.cz\/co-je-na-ceskych-budejovicich-tak-zvlastniho\/#breadcrumbitem"}]}]