[{"@context":"https:\/\/schema.org\/","@type":"Article","@id":"https:\/\/www.baxim.cz\/co-podnikat-v-zime\/#Article","mainEntityOfPage":"https:\/\/www.baxim.cz\/co-podnikat-v-zime\/","headline":"Co podnikat v zim\u011b?","name":"Co podnikat v zim\u011b?","description":"Pokud jste spole\u010densk\u00fd typ, tak pravd\u011bpodobn\u011b m\u00e1te rad\u011bji l\u00e9to ne\u017e zimu. Pro\u010d? No proto\u017ee v l\u00e9t\u011b je mnohem v\u00edce p\u0159\u00edle\u017eitost\u00ed, jak se se sv\u00fdmi kamar\u00e1dy potk\u00e1vat. M\u016f\u017eete zaj\u00edt na zahr\u00e1dku u restaurace na pivo, nebo se jen tak sejdete u \u0159eky p\u0159i plav\u00e1n\u00ed. M\u016f\u017eete zaj\u00edt na v\u00fd\u0161lap na hory nebo pozvat kamar\u00e1dy na zahradn\u00ed grilova\u010dku....<p class=\"more-link-wrap\"><a href=\"https:\/\/www.baxim.cz\/co-podnikat-v-zime\/\" class=\"more-link\">P\u0159e\u010d\u00edst<span class=\"screen-reader-text\"> &ldquo;Co podnikat v zim\u011b?&rdquo;<\/span> &raquo;<\/a><\/p>","datePublished":"2022-10-14","dateModified":"2022-10-14","author":{"@type":"Person","@id":"https:\/\/www.baxim.cz\/author\/#Person","name":"","url":"https:\/\/www.baxim.cz\/author\/","identifier":1,"image":{"@type":"ImageObject","@id":"https:\/\/secure.gravatar.com\/avatar\/8ee00db67df6a380981db2e33f97d2fa79637c4880a83f2a0ac4c29b5bb179e1?s=96&d=mm&r=g","url":"https:\/\/secure.gravatar.com\/avatar\/8ee00db67df6a380981db2e33f97d2fa79637c4880a83f2a0ac4c29b5bb179e1?s=96&d=mm&r=g","height":96,"width":96}},"publisher":{"@type":"Organization","name":"baxim.cz","logo":{"@type":"ImageObject","@id":"\/logo.png","url":"\/logo.png","width":600,"height":60}},"image":{"@type":"ImageObject","@id":"https:\/\/www.baxim.cz\/wp-content\/uploads\/ball-gc6fdcfae5_640.jpg","url":"https:\/\/www.baxim.cz\/wp-content\/uploads\/ball-gc6fdcfae5_640.jpg","height":0,"width":0},"url":"https:\/\/www.baxim.cz\/co-podnikat-v-zime\/","about":["N\u00e1kupy"],"wordCount":452,"articleBody":"   Pokud jste spole\u010densk\u00fd typ, tak pravd\u011bpodobn\u011b m\u00e1te rad\u011bji l\u00e9to ne\u017e zimu. Pro\u010d? No proto\u017ee v l\u00e9t\u011b je mnohem v\u00edce p\u0159\u00edle\u017eitost\u00ed, jak se se sv\u00fdmi kamar\u00e1dy potk\u00e1vat. M\u016f\u017eete zaj\u00edt na zahr\u00e1dku u restaurace na pivo, nebo se jen tak sejdete u \u0159eky p\u0159i plav\u00e1n\u00ed. M\u016f\u017eete zaj\u00edt na v\u00fd\u0161lap na hory nebo pozvat kamar\u00e1dy na zahradn\u00ed grilova\u010dku. M\u016f\u017eete se proj\u00ed\u017ed\u011bt spole\u010dn\u011b na kole nebo po\u0159\u00e1dat hromady dal\u0161\u00edch sportovn\u00edch venkovn\u00edch aktivit. Ale v zim\u011b? Ve \u010dty\u0159i hodiny odpoledne u\u017e je tma a hlavn\u011b je chladno, tak\u017ee n\u011bjak\u00e9 posezen\u00ed venku nep\u0159ipad\u00e1 v \u00favahu. Ale i v zim\u011b jsou tady mo\u017enosti spole\u010densk\u00fdch setk\u00e1n\u00ed. Jak\u00e9? No p\u0159ece spole\u010densk\u00e9 plesy!Ka\u017ed\u00e1 vesnice, ka\u017ed\u00e9 m\u011bsto po\u0159\u00e1d\u00e1 b\u011bhem zimn\u00edho obdob\u00ed \u0159adu ples\u016f. K t\u011bm klasick\u00fdm pat\u0159\u00ed Obecn\u00ed ples, Hasi\u010dsk\u00fd ples, Papu\u010dov\u00fd, n\u011bkdy Py\u017eamov\u00fd ples, ka\u017ed\u00e1 st\u0159edn\u00ed \u010di vysok\u00e1 \u0161kola po\u0159\u00e1d\u00e1 sv\u016fj ples a k t\u011bm nejslavn\u011bj\u0161\u00edm pat\u0159\u00ed Ples v ope\u0159e. Posledn\u00ed ples sez\u00f3ny je tzv. https:\/\/www.cirkev.cz\/cs\/aktuality\/171026katolicky-tydenik-sezona-tzv-troubenych-msi-svatych  Masopust, po kter\u00e9m n\u00e1sleduje doba p\u016fstu a\u017e do Velikonoc.Pokud jste \u017eena a pat\u0159\u00edte k milovn\u00edk\u016fm ples\u016f, ur\u010dit\u011b \u0159e\u0161\u00edte zn\u00e1m\u00fd probl\u00e9m, co si vezmu na sebe. Pokud b\u011bhem zimy p\u016fjdete na v\u00edce ples\u016f, asi nechcete j\u00edt poka\u017ed\u00e9 ve stejn\u00e9m modelu. A pokud je\u0161t\u011b sledujete trendy barevn\u00e9 plesov\u00e9 \u0161aty t\u00e9to sez\u00f3ny Svatebni-saty-spolecenske-plesove budete m\u00edt opravdu velk\u00fd probl\u00e9m, co na sebe. M\u00e1te tu ale jedno \u0159e\u0161en\u00ed, kter\u00e9 va\u0161e probl\u00e9my s \u010dastou obnovou \u0161at\u016f vy\u0159e\u0161\u00ed. Jsou to p\u016fj\u010dovny \u0161at\u016f.Pokud b\u011bhem zimy vyraz\u00edte na n\u011bkolik ples\u016f, kde se potk\u00e1te se stejn\u00fdmi zn\u00e1m\u00fdmi, chce to m\u00edt n\u011bkoliker\u00e9 \u0161aty, abyste nebyla poka\u017ed\u00e9 ve stejn\u00fdch. Ale pokud si po\u0159\u00edd\u00edte \u0161aty, kter\u00e9 v\u00e1m budou padnout a bude v\u00e1m to v nich slu\u0161et a z\u00e1rove\u0148 se v nich budete c\u00edtit dob\u0159e, nen\u00ed \u00fa\u010delem plesu se dob\u0159e pobavit a ne j\u00edt tam jako na m\u00f3dn\u00ed p\u0159ehl\u00eddku? N\u011bkdo se na zimu zav\u0159e do sv\u00e9ho bytu a vyleze z n\u011bj a\u017e na ja\u0159e a n\u011bkdo se t\u011b\u0161\u00ed na sez\u00f3nu ples\u016f. A\u0165 u\u017e pat\u0159\u00edte k t\u011bm \u010di on\u011bm, u\u017eijte si zimu dle sv\u00fdch p\u0159edstav.                                                                                                                                                                                                                                                                                                                                                                                                   "},{"@context":"https:\/\/schema.org\/","@type":"BreadcrumbList","itemListElement":[{"@type":"ListItem","position":1,"name":"Co podnikat v zim\u011b?","item":"https:\/\/www.baxim.cz\/co-podnikat-v-zime\/#breadcrumbitem"}]}]