[{"@context":"https:\/\/schema.org\/","@type":"Article","@id":"https:\/\/www.baxim.cz\/klasika-v-nasich-zahradach\/#Article","mainEntityOfPage":"https:\/\/www.baxim.cz\/klasika-v-nasich-zahradach\/","headline":"Klasika v na\u0161ich zahrad\u00e1ch","name":"Klasika v na\u0161ich zahrad\u00e1ch","description":"Tentokr\u00e1t se pod\u00edv\u00e1me na va\u0161e zahr\u00e1dky. Ur\u010dit\u011b u ka\u017ed\u00e9ho, kdo vlastn\u00ed n\u011bjakou zahr\u00e1dku, tak se zde nalezne nejen kv\u011btinov\u00fd z\u00e1honek, ale tak\u00e9 r\u016fzn\u00e9 bylinky do kuchyn\u011b nebo i zeleninov\u00e9 skvosty. Tak\u00e9 ka\u017ed\u00fd po\u010d\u00edt\u00e1 s t\u00edm, \u017ee jeho \u00faroda se letos nemus\u00ed vyda\u0159it, p\u0159esto s odhodl\u00e1n\u00edm, \u017ee ten leto\u0161n\u00ed rok bude p\u0159ece jenom lep\u0161\u00ed, se na...<p class=\"more-link-wrap\"><a href=\"https:\/\/www.baxim.cz\/klasika-v-nasich-zahradach\/\" class=\"more-link\">P\u0159e\u010d\u00edst<span class=\"screen-reader-text\"> &ldquo;Klasika v na\u0161ich zahrad\u00e1ch&rdquo;<\/span> &raquo;<\/a><\/p>","datePublished":"2024-03-04","dateModified":"2024-04-18","author":{"@type":"Person","@id":"https:\/\/www.baxim.cz\/author\/#Person","name":"","url":"https:\/\/www.baxim.cz\/author\/","identifier":1,"image":{"@type":"ImageObject","@id":"https:\/\/secure.gravatar.com\/avatar\/8ee00db67df6a380981db2e33f97d2fa79637c4880a83f2a0ac4c29b5bb179e1?s=96&d=mm&r=g","url":"https:\/\/secure.gravatar.com\/avatar\/8ee00db67df6a380981db2e33f97d2fa79637c4880a83f2a0ac4c29b5bb179e1?s=96&d=mm&r=g","height":96,"width":96}},"publisher":{"@type":"Organization","name":"baxim.cz","logo":{"@type":"ImageObject","@id":"\/logo.png","url":"\/logo.png","width":600,"height":60}},"image":{"@type":"ImageObject","@id":"https:\/\/www.baxim.cz\/wp-content\/uploads\/sklenik_ze_skla_h5l1xH.jpg","url":"https:\/\/www.baxim.cz\/wp-content\/uploads\/sklenik_ze_skla_h5l1xH.jpg","height":0,"width":0},"url":"https:\/\/www.baxim.cz\/klasika-v-nasich-zahradach\/","about":["N\u00e1kupy"],"wordCount":470,"articleBody":"      Tentokr\u00e1t se pod\u00edv\u00e1me na va\u0161e zahr\u00e1dky. Ur\u010dit\u011b u ka\u017ed\u00e9ho, kdo vlastn\u00ed n\u011bjakou zahr\u00e1dku, tak se zde nalezne nejen kv\u011btinov\u00fd z\u00e1honek, ale tak\u00e9 r\u016fzn\u00e9 bylinky do kuchyn\u011b nebo i zeleninov\u00e9 skvosty. Tak\u00e9 ka\u017ed\u00fd po\u010d\u00edt\u00e1 s t\u00edm, \u017ee jeho \u00faroda se letos nemus\u00ed vyda\u0159it, p\u0159esto s odhodl\u00e1n\u00edm, \u017ee ten leto\u0161n\u00ed rok bude p\u0159ece jenom lep\u0161\u00ed, se na ja\u0159e pust\u00ed do v\u00fdsadby. Jenom\u017ee ani letos se po\u010das\u00ed neumoud\u0159ilo a tak zasadilo p\u00e1r ran do t\u011bchto m\u00edst a \u00faroda je tak polovi\u010dn\u00ed. Je pravdou, \u017ee by to \u0161lo jaksi za\u0159\u00eddit jinak a tak trochu se br\u00e1nit proti t\u011bmto nep\u0159\u00edzniv\u00fdm vliv\u016fm, jen by to cht\u011blo m\u00edt sklen\u00edk. To by se pot\u00e9 jinak pracovalo. A z\u0159ejm\u011b na tom i n\u011bco pravdy bude, proto\u017ee ji\u017e na\u0161i p\u0159edkov\u00e9 v\u011bd\u011bli, \u017ee kdy\u017e sv\u00e9 zelenin\u011b poskytnou dostatek sv\u011btla, tepla, \u010derstv\u00e9ho vzduchu a i st\u0159echy nad sebou, tak to bude m\u00edt smysl.   \u010cesk\u00e9 sklen\u00edky Sklen\u00edky byly v\u017edy sou\u010d\u00e1st\u00ed zahrad a jako \u010de\u0161t\u00ed v\u00fdrobci m\u016f\u017eeme potvrdit, \u017ee je o n\u011b neust\u00e1le velk\u00fd z\u00e1jem. Jen se trochu zm\u011bnily po\u017eadavky na jejich vzhled a materi\u00e1l, ale i s t\u00edm si um\u00edme v sou\u010dasn\u00e9 dob\u011b velmi dob\u0159e poradit. Pokud se chcete pod\u00edvat na n\u00e1\u0161 sklen\u00edk ze skla Skleniky, tak m\u016f\u017eete proch\u00e1zet r\u016fzn\u00e9 modely, kter\u00e9 samoz\u0159ejm\u011b maj\u00ed mnoho spole\u010dn\u00e9ho, a p\u0159edev\u0161\u00edm je to kvalitn\u00ed materi\u00e1l.   Spolehliv\u00e1 a byteln\u00e1 konstrukce nosn\u00fdch \u010d\u00e1st\u00ed, kterou si m\u016f\u017eete u n\u00e1s nechat vyhotovit i v barv\u00e1ch, co\u017e zvl\u00e1\u0161t\u011b ocen\u00edte, nap\u0159\u00edklad u sklen\u00edkov\u00fdch p\u0159\u00edstav. Konstrukci sklen\u00edk\u016f a pa\u0159eni\u0161\u0165 si m\u016f\u017eete nechat povrchov\u011b opat\u0159it pr\u00e1\u0161kovou vypalovac\u00ed barvou v odst\u00ednu RAL. Pozinkovan\u00e1 konstrukce je o s\u00edle 1,5 \u2013 3 mm, z\u00e1le\u017e\u00ed na to, jak\u00fd materi\u00e1l si vyberete na v\u00fdpln\u011b. Polykarbon\u00e1t je bezpochyby leh\u010d\u00ed, ne\u017e sklo, tud\u00ed\u017e s\u00edla bude dle zat\u00ed\u017een\u00ed jednotliv\u00fdch \u010d\u00e1st\u00ed. Jak ji\u017e bylo zm\u00edn\u011bno, pokud budete preferovat klasiku tak si m\u016f\u017eete vybrat sklo, pou\u017e\u00edv\u00e1me sklo Helios o s\u00edle 4 mm s UV ochranou nebo si m\u016f\u017eete vybrat polykarbon\u00e1t, kter\u00fd bude o s\u00edle 6 mm s bo\u010dn\u00ed pozinkovanou v\u00fdztuhou, co\u017e je vysoce kvalitn\u00ed materi\u00e1l. Na\u0161e sklen\u00edky se velmi rychle a jednodu\u0161e montuj\u00ed a p\u0159edev\u0161\u00edm nepot\u0159ebujete ani tmel, jeliko\u017e se jedn\u00e1 o beztmel\u00e9 zaskl\u00edv\u00e1n\u00ed. R\u00e1di v\u00e1m poskytneme poradenstv\u00ed i dal\u0161\u00ed dopl\u0148kov\u00e9 p\u0159\u00edslu\u0161enstv\u00ed.                                                                                                                                                                                                                                                                                                                                                                                                  "},{"@context":"https:\/\/schema.org\/","@type":"BreadcrumbList","itemListElement":[{"@type":"ListItem","position":1,"name":"Klasika v na\u0161ich zahrad\u00e1ch","item":"https:\/\/www.baxim.cz\/klasika-v-nasich-zahradach\/#breadcrumbitem"}]}]