[{"@context":"https:\/\/schema.org\/","@type":"Article","@id":"https:\/\/www.baxim.cz\/moderator-je-na-akci-nejdulezitejsi\/#Article","mainEntityOfPage":"https:\/\/www.baxim.cz\/moderator-je-na-akci-nejdulezitejsi\/","headline":"Moder\u00e1tor je na akci nejd\u016fle\u017eit\u011bj\u0161\u00ed","name":"Moder\u00e1tor je na akci nejd\u016fle\u017eit\u011bj\u0161\u00ed","description":"Po\u0159\u00e1d\u00e1te akci nebo cokoliv jin\u00e9ho? Pokud ano, tak jist\u011b v\u00edte, co je pro V\u00e1s nejd\u016fle\u017eit\u011bj\u0161\u00ed, no p\u0159ece moder\u00e1tor https:\/\/www.vaskouzelnik.cz\/moderator. V\u00edte pro\u010d? Sice ka\u017ed\u00fd \u010dlov\u011bk je sv\u00fdm zp\u016fsobem um\u011blec, ale nemus\u00ed n\u00e1m to tolik j\u00edt, proto\u017ee t\u0159eba nem\u00e1me je\u0161t\u011b takovou praxi jako opravdu zku\u0161en\u00fd moder\u00e1tor. Proto se v\u016fbec nesty\u010fte a pozv\u011bte si na oslavu, d\u011btsk\u00fd den...<p class=\"more-link-wrap\"><a href=\"https:\/\/www.baxim.cz\/moderator-je-na-akci-nejdulezitejsi\/\" class=\"more-link\">P\u0159e\u010d\u00edst<span class=\"screen-reader-text\"> &ldquo;Moder\u00e1tor je na akci nejd\u016fle\u017eit\u011bj\u0161\u00ed&rdquo;<\/span> &raquo;<\/a><\/p>","datePublished":"2023-05-19","dateModified":"2023-06-19","author":{"@type":"Person","@id":"https:\/\/www.baxim.cz\/author\/#Person","name":"","url":"https:\/\/www.baxim.cz\/author\/","identifier":1,"image":{"@type":"ImageObject","@id":"https:\/\/secure.gravatar.com\/avatar\/8ee00db67df6a380981db2e33f97d2fa79637c4880a83f2a0ac4c29b5bb179e1?s=96&d=mm&r=g","url":"https:\/\/secure.gravatar.com\/avatar\/8ee00db67df6a380981db2e33f97d2fa79637c4880a83f2a0ac4c29b5bb179e1?s=96&d=mm&r=g","height":96,"width":96}},"publisher":{"@type":"Organization","name":"baxim.cz","logo":{"@type":"ImageObject","@id":"\/logo.png","url":"\/logo.png","width":600,"height":60}},"image":{"@type":"ImageObject","@id":"https:\/\/www.baxim.cz\/wp-content\/uploads\/microphone-380310_1280.jpg","url":"https:\/\/www.baxim.cz\/wp-content\/uploads\/microphone-380310_1280.jpg","height":0,"width":0},"url":"https:\/\/www.baxim.cz\/moderator-je-na-akci-nejdulezitejsi\/","about":["Spole\u010dnosti"],"wordCount":426,"articleBody":"      Po\u0159\u00e1d\u00e1te akci nebo cokoliv jin\u00e9ho? Pokud ano, tak jist\u011b v\u00edte, co je pro V\u00e1s nejd\u016fle\u017eit\u011bj\u0161\u00ed, no p\u0159ece moder\u00e1tor https:\/\/www.vaskouzelnik.cz\/moderator. V\u00edte pro\u010d? Sice ka\u017ed\u00fd \u010dlov\u011bk je sv\u00fdm zp\u016fsobem um\u011blec, ale nemus\u00ed n\u00e1m to tolik j\u00edt, proto\u017ee t\u0159eba nem\u00e1me je\u0161t\u011b takovou praxi jako opravdu zku\u0161en\u00fd moder\u00e1tor. Proto se v\u016fbec nesty\u010fte a pozv\u011bte si na oslavu, d\u011btsk\u00fd den nebo ples moder\u00e1tora. Bez n\u011bho se prost\u011b na takov\u00e9 akci prost\u011b neobejde. V\u0161echno za v\u00e1s \u0159ekne, a vy se nemus\u00edte o nic starat, proto\u017ee to moder\u00e1tor ud\u011bl\u00e1 za v\u00e1s. Vy jen budete dohl\u00ed\u017eet nad t\u00edm v\u0161\u00edm co bude v programu uvedeno, tak\u017ee se nebojte, ale t\u00edm, \u017ee pozvete skv\u011bl\u00e9ho, zku\u0161en\u00e9ho moder\u00e1tora, tak Va\u0161e akce bude doslova bo\u017e\u00ed. Takov\u00fd moder\u00e1tor toti\u017e u\u017e ze sv\u00fdch zku\u0161enost\u00ed v\u00ed, co v\u0161echno m\u00e1 \u0159\u00edkat, a nav\u00edc um\u00ed skv\u011bl\u00e9 i pobavit publikum. Moder\u00e1to\u0159i toti\u017e jsou velmi \u0161ikovn\u00ed a zaj\u00edmav\u00fd, a um\u00ed publikum b\u00e1je\u010dn\u011b rozesm\u00e1t. Tak\u017ee va\u0161e akce bude doslova velmi dokonal\u00e1 a skv\u011bl\u00e1. Cel\u00e9 publikum se nebude v\u016fbec nudit, proto\u017ee o z\u00e1bavu bude postar\u00e1no, proto\u017ee moder\u00e1tor V\u00e1m uk\u00e1\u017ee, co v n\u011bm je. Ka\u017ed\u00fd \u010dlov\u011bk si m\u016f\u017ee zahr\u00e1t na sv\u00e9ho moder\u00e1tora, ale pokud jste to nikde na ostro nezkou\u0161ely, tak popravd\u011b to ani nezkou\u0161ejte, proto\u017ee lep\u0161\u00ed je si takov\u00e9ho moder\u00e1tora nejd\u0159\u00edve po\u0159\u00e1dn\u011b obkoukat, a pak to m\u016f\u017eete vyzkou\u0161et nane\u010disto t\u0159eba doma p\u0159ed svoj\u00ed rodinou nebo p\u0159\u00e1teli.Tak\u017ee o ni\u010dem nep\u0159em\u00fd\u0161lejte a pozv\u011bte si moder\u00e1tora na svoji akci, kterou budete po\u0159\u00e1dat. Jak jsem ji\u017e \u0159\u00edkala na za\u010d\u00e1tku, jestli se jedn\u00e1 o ples, d\u011btsk\u00fd den, karneval, cokoliv jin\u00e9ho, tak v\u017edycky moder\u00e1tor je pot\u0159eba na prvn\u00edm m\u00edst\u011b, proto\u017ee nejv\u00edc mluv\u00ed a \u0159ekne za v\u00e1s v\u0161echno co si budete p\u0159\u00e1t. Vy jen budete pokukovat a d\u00edvat se na to, jak jste vykouzlily skv\u011blou akci. Pokud pot\u0159ebujete co nejd\u0159\u00edve, tak ihned si zku\u0161en\u00e9ho moder\u00e1tora pozv\u011bte. Uvid\u00edte, \u017ee nebudete litovat a va\u0161e akce, oslava bude tou nejkr\u00e1sn\u011bj\u0161\u00ed.                                                                                                                                                                                                                                                                                                                                                                                                   "},{"@context":"https:\/\/schema.org\/","@type":"BreadcrumbList","itemListElement":[{"@type":"ListItem","position":1,"name":"Moder\u00e1tor je na akci nejd\u016fle\u017eit\u011bj\u0161\u00ed","item":"https:\/\/www.baxim.cz\/moderator-je-na-akci-nejdulezitejsi\/#breadcrumbitem"}]}]