{"@context":"https:\/\/schema.org\/","@type":"CollectionPage","@id":"https:\/\/www.baxim.cz\/zeny\/#CollectionPage","headline":"\u017deny Category","description":"","url":"https:\/\/www.baxim.cz\/zeny\/","hasPart":[{"@type":"Article","@id":"https:\/\/www.baxim.cz\/ranni-ritualky-pro-krasnou-plet\/","headline":"Rann\u00ed ritu\u00e1lky pro kr\u00e1snou ple\u0165","url":"https:\/\/www.baxim.cz\/ranni-ritualky-pro-krasnou-plet\/","datePublished":"2024-03-27","dateModified":"2024-03-27","mainEntityOfPage":"https:\/\/www.baxim.cz\/ranni-ritualky-pro-krasnou-plet\/","author":{"@type":"Person","@id":"https:\/\/www.baxim.cz\/author\/#Person","name":"","url":"https:\/\/www.baxim.cz\/author\/","identifier":1,"image":{"@type":"ImageObject","@id":"https:\/\/secure.gravatar.com\/avatar\/8ee00db67df6a380981db2e33f97d2fa79637c4880a83f2a0ac4c29b5bb179e1?s=96&d=mm&r=g","url":"https:\/\/secure.gravatar.com\/avatar\/8ee00db67df6a380981db2e33f97d2fa79637c4880a83f2a0ac4c29b5bb179e1?s=96&d=mm&r=g","height":96,"width":96}},"publisher":{"@type":"Organization","name":"baxim.cz","logo":{"@type":"ImageObject","@id":"\/logo.png","url":"\/logo.png","width":600,"height":60}},"image":{"@type":"ImageObject","@id":"https:\/\/www.baxim.cz\/wp-content\/uploads\/lide2_8.jpg","url":"https:\/\/www.baxim.cz\/wp-content\/uploads\/lide2_8.jpg","height":0,"width":0},"keywords":null},{"@type":"Article","@id":"https:\/\/www.baxim.cz\/my-zeny\/","headline":"My \u017eeny","url":"https:\/\/www.baxim.cz\/my-zeny\/","datePublished":"2023-09-08","dateModified":"2024-02-09","mainEntityOfPage":"https:\/\/www.baxim.cz\/my-zeny\/","author":{"@type":"Person","@id":"https:\/\/www.baxim.cz\/author\/#Person","name":"","url":"https:\/\/www.baxim.cz\/author\/","identifier":1,"image":{"@type":"ImageObject","@id":"https:\/\/secure.gravatar.com\/avatar\/8ee00db67df6a380981db2e33f97d2fa79637c4880a83f2a0ac4c29b5bb179e1?s=96&d=mm&r=g","url":"https:\/\/secure.gravatar.com\/avatar\/8ee00db67df6a380981db2e33f97d2fa79637c4880a83f2a0ac4c29b5bb179e1?s=96&d=mm&r=g","height":96,"width":96}},"publisher":{"@type":"Organization","name":"baxim.cz","logo":{"@type":"ImageObject","@id":"\/logo.png","url":"\/logo.png","width":600,"height":60}},"image":{"@type":"ImageObject","@id":"https:\/\/www.baxim.cz\/wp-content\/uploads\/sports-1276395_1280.jpg","url":"https:\/\/www.baxim.cz\/wp-content\/uploads\/sports-1276395_1280.jpg","height":0,"width":0},"keywords":null},{"@type":"Article","@id":"https:\/\/www.baxim.cz\/zeny-se-nekdy-snazi-az-prilis-a-zcela-zbytecne\/","headline":"\u017deny se n\u011bkdy sna\u017e\u00ed a\u017e p\u0159\u00edli\u0161 a zcela zbyte\u010dn\u011b&#8230;","url":"https:\/\/www.baxim.cz\/zeny-se-nekdy-snazi-az-prilis-a-zcela-zbytecne\/","datePublished":"2022-12-11","dateModified":"2023-05-18","mainEntityOfPage":"https:\/\/www.baxim.cz\/zeny-se-nekdy-snazi-az-prilis-a-zcela-zbytecne\/","author":{"@type":"Person","@id":"https:\/\/www.baxim.cz\/author\/#Person","name":"","url":"https:\/\/www.baxim.cz\/author\/","identifier":1,"image":{"@type":"ImageObject","@id":"https:\/\/secure.gravatar.com\/avatar\/8ee00db67df6a380981db2e33f97d2fa79637c4880a83f2a0ac4c29b5bb179e1?s=96&d=mm&r=g","url":"https:\/\/secure.gravatar.com\/avatar\/8ee00db67df6a380981db2e33f97d2fa79637c4880a83f2a0ac4c29b5bb179e1?s=96&d=mm&r=g","height":96,"width":96}},"publisher":{"@type":"Organization","name":"baxim.cz","logo":{"@type":"ImageObject","@id":"\/logo.png","url":"\/logo.png","width":600,"height":60}},"image":{"@type":"ImageObject","@id":"https:\/\/www.baxim.cz\/wp-content\/uploads\/%C5%BEen_10_10_6.JPG","url":"https:\/\/www.baxim.cz\/wp-content\/uploads\/%C5%BEen_10_10_6.JPG","height":0,"width":0},"keywords":null},{"@type":"Article","@id":"https:\/\/www.baxim.cz\/beton-je-material-ktery-nikdy-nezklame\/","headline":"Beton je materi\u00e1l, kter\u00fd nikdy nezklame","url":"https:\/\/www.baxim.cz\/beton-je-material-ktery-nikdy-nezklame\/","datePublished":"2020-05-15","dateModified":"2020-05-15","mainEntityOfPage":"https:\/\/www.baxim.cz\/beton-je-material-ktery-nikdy-nezklame\/","author":{"@type":"Person","@id":"https:\/\/www.baxim.cz\/author\/#Person","name":"","url":"https:\/\/www.baxim.cz\/author\/","identifier":1,"image":{"@type":"ImageObject","@id":"https:\/\/secure.gravatar.com\/avatar\/8ee00db67df6a380981db2e33f97d2fa79637c4880a83f2a0ac4c29b5bb179e1?s=96&d=mm&r=g","url":"https:\/\/secure.gravatar.com\/avatar\/8ee00db67df6a380981db2e33f97d2fa79637c4880a83f2a0ac4c29b5bb179e1?s=96&d=mm&r=g","height":96,"width":96}},"publisher":{"@type":"Organization","name":"baxim.cz","logo":{"@type":"ImageObject","@id":"\/logo.png","url":"\/logo.png","width":600,"height":60}},"image":{"@type":"ImageObject","@id":"https:\/\/www.baxim.cz\/wp-content\/uploads\/wall-3231116_640.jpg","url":"https:\/\/www.baxim.cz\/wp-content\/uploads\/wall-3231116_640.jpg","height":0,"width":0},"keywords":null},{"@type":"Article","@id":"https:\/\/www.baxim.cz\/voda-na-koupani-nemusi-skoncit-v-kanale\/","headline":"Voda na koup\u00e1n\u00ed nemus\u00ed skon\u010dit v kan\u00e1le","url":"https:\/\/www.baxim.cz\/voda-na-koupani-nemusi-skoncit-v-kanale\/","datePublished":"2019-08-13","dateModified":"2019-08-13","mainEntityOfPage":"https:\/\/www.baxim.cz\/voda-na-koupani-nemusi-skoncit-v-kanale\/","author":{"@type":"Person","@id":"https:\/\/www.baxim.cz\/author\/#Person","name":"","url":"https:\/\/www.baxim.cz\/author\/","identifier":1,"image":{"@type":"ImageObject","@id":"https:\/\/secure.gravatar.com\/avatar\/8ee00db67df6a380981db2e33f97d2fa79637c4880a83f2a0ac4c29b5bb179e1?s=96&d=mm&r=g","url":"https:\/\/secure.gravatar.com\/avatar\/8ee00db67df6a380981db2e33f97d2fa79637c4880a83f2a0ac4c29b5bb179e1?s=96&d=mm&r=g","height":96,"width":96}},"publisher":{"@type":"Organization","name":"baxim.cz","logo":{"@type":"ImageObject","@id":"\/logo.png","url":"\/logo.png","width":600,"height":60}},"image":{"@type":"ImageObject","@id":"https:\/\/www.baxim.cz\/wp-content\/uploads\/img_a363039_w2191_t1575891096.jpg","url":"https:\/\/www.baxim.cz\/wp-content\/uploads\/img_a363039_w2191_t1575891096.jpg","height":0,"width":0},"keywords":null}]}